{"id":1179,"date":"2018-12-17T10:56:35","date_gmt":"2018-12-17T09:56:35","guid":{"rendered":"http:\/\/www.touspourlasyrie.fr\/?p=1179"},"modified":"2022-05-07T20:10:47","modified_gmt":"2022-05-07T18:10:47","slug":"envoi-dun-container-humanitaire-le-vendredi-14-decembre-2018","status":"publish","type":"post","link":"http:\/\/www.touspourlasyrie.fr\/?p=1179","title":{"rendered":"Envoi d&rsquo;un container humanitaire, le vendredi 14 d\u00e9cembre 2018"},"content":{"rendered":"<p>Apr\u00e8s une ann\u00e9e de permanence, de tri, un container de mat\u00e9riel humanitaire a pu \u00eatre charg\u00e9 et achemin\u00e9 vers la Syrie le vendredi 14 d\u00e9cembre 2018.<\/p>\n<p><a href=\"http:\/\/www.touspourlasyrie.fr\/wp-content\/uploads\/2018\/12\/20181214-chargement_container_humanitaire.jpg\"><img loading=\"lazy\" decoding=\"async\" class=\"aligncenter wp-image-1188\" src=\"http:\/\/www.touspourlasyrie.fr\/wp-content\/uploads\/2018\/12\/20181214-chargement_container_humanitaire-300x225.jpg\" alt=\"\" width=\"450\" height=\"338\" srcset=\"http:\/\/www.touspourlasyrie.fr\/wp-content\/uploads\/2018\/12\/20181214-chargement_container_humanitaire-300x225.jpg 300w, http:\/\/www.touspourlasyrie.fr\/wp-content\/uploads\/2018\/12\/20181214-chargement_container_humanitaire-768x576.jpg 768w, http:\/\/www.touspourlasyrie.fr\/wp-content\/uploads\/2018\/12\/20181214-chargement_container_humanitaire.jpg 960w\" sizes=\"auto, (max-width: 450px) 100vw, 450px\" \/><\/a><\/p>\n<p>Voici quelques photos de l\u2019\u00e9v\u00e9nement. Merci \u00e0 tou\u22c5tes les participant\u22c5es :<\/p>\n<ul>\n<li><a href=\"https:\/\/www.facebook.com\/TousPourLaSyrie\/posts\/2103375513034787\">https:\/\/www.facebook.com\/TousPourLaSyrie\/posts\/2103375513034787<\/a><\/li>\n<li><a href=\"https:\/\/www.facebook.com\/TousPourLaSyrie\/posts\/2103209616384710\">https:\/\/www.facebook.com\/TousPourLaSyrie\/posts\/2103209616384710<\/a><\/li>\n<\/ul>\n","protected":false},"excerpt":{"rendered":"<p>Apr\u00e8s une ann\u00e9e de permanence, de tri, un container de mat\u00e9riel humanitaire a pu \u00eatre charg\u00e9 et achemin\u00e9 vers la Syrie le vendredi 14 d\u00e9cembre 2018. Voici quelques photos de &#8230;<\/p>\n","protected":false},"author":6,"featured_media":1188,"comment_status":"closed","ping_status":"open","sticky":false,"template":"","format":"standard","meta":{"footnotes":""},"categories":[86,138],"tags":[53,58,37],"class_list":["post-1179","post","type-post","status-publish","format-standard","has-post-thumbnail","hentry","category-humanitaire","category-syrie-jordanie-liban","tag-actions","tag-container","tag-rennes"],"_links":{"self":[{"href":"http:\/\/www.touspourlasyrie.fr\/index.php?rest_route=\/wp\/v2\/posts\/1179","targetHints":{"allow":["GET"]}}],"collection":[{"href":"http:\/\/www.touspourlasyrie.fr\/index.php?rest_route=\/wp\/v2\/posts"}],"about":[{"href":"http:\/\/www.touspourlasyrie.fr\/index.php?rest_route=\/wp\/v2\/types\/post"}],"author":[{"embeddable":true,"href":"http:\/\/www.touspourlasyrie.fr\/index.php?rest_route=\/wp\/v2\/users\/6"}],"replies":[{"embeddable":true,"href":"http:\/\/www.touspourlasyrie.fr\/index.php?rest_route=%2Fwp%2Fv2%2Fcomments&post=1179"}],"version-history":[{"count":5,"href":"http:\/\/www.touspourlasyrie.fr\/index.php?rest_route=\/wp\/v2\/posts\/1179\/revisions"}],"predecessor-version":[{"id":2133,"href":"http:\/\/www.touspourlasyrie.fr\/index.php?rest_route=\/wp\/v2\/posts\/1179\/revisions\/2133"}],"wp:featuredmedia":[{"embeddable":true,"href":"http:\/\/www.touspourlasyrie.fr\/index.php?rest_route=\/wp\/v2\/media\/1188"}],"wp:attachment":[{"href":"http:\/\/www.touspourlasyrie.fr\/index.php?rest_route=%2Fwp%2Fv2%2Fmedia&parent=1179"}],"wp:term":[{"taxonomy":"category","embeddable":true,"href":"http:\/\/www.touspourlasyrie.fr\/index.php?rest_route=%2Fwp%2Fv2%2Fcategories&post=1179"},{"taxonomy":"post_tag","embeddable":true,"href":"http:\/\/www.touspourlasyrie.fr\/index.php?rest_route=%2Fwp%2Fv2%2Ftags&post=1179"}],"curies":[{"name":"wp","href":"https:\/\/api.w.org\/{rel}","templated":true}]}}