{"id":240,"date":"2014-06-09T13:11:48","date_gmt":"2014-06-09T12:11:48","guid":{"rendered":"http:\/\/www.touspourlasyrie.fr\/?p=240"},"modified":"2015-01-19T16:03:05","modified_gmt":"2015-01-19T15:03:05","slug":"du-lait-maternise-pour-les-enfants-syriens-objectif-30-000-e-avec-la-fofs","status":"publish","type":"post","link":"http:\/\/www.touspourlasyrie.fr\/?p=240","title":{"rendered":"Du lait maternis\u00e9 pour les enfants syriens : objectif 30 000 \u20ac avec la FOFS"},"content":{"rendered":"<p><em>Tous pour la Syrie<\/em> s&rsquo;est associ\u00e9e\u00a0au projet de financement participatif de<span style=\"color: #555555;\">\u00a0<\/span><a title=\"Collecte de fonds - lait maternis\u00e9 FOFS\" href=\"http:\/\/helloasso.com\/associations\/federation-des-organisations-de-secours-franco-syriennes-fosf\/collectes\/du-lait-pour-les-enfants-syriens-op1\" target=\"_blank\">F\u00e9d\u00e9ration des Organisations de Secours Franco-Syrienne<\/a><span style=\"color: #555555;\">\u00a0pour acheter, acheminer et distribuer du lait maternis\u00e9 premier \u00e2ge aux b\u00e9b\u00e9s syriens des camps de r\u00e9fugi\u00e9s. \u00a080% de l&rsquo;objectif de 30 000 \u20ac \u00a0d\u00e9j\u00e0 r\u00e9alis\u00e9, <a title=\"Collecte de fonds - du lait pour les enfants syriens\" href=\"http:\/\/helloasso.com\/associations\/federation-des-organisations-de-secours-franco-syriennes-fosf\/collectes\/du-lait-pour-les-enfants-syriens-op1\" target=\"_blank\">participez<\/a>, votre don est \u00e9ligible \u00e0 une d\u00e9duction fiscale !<\/span><\/p>\n<p><a href=\"http:\/\/helloasso.com\/associations\/federation-des-organisations-de-secours-franco-syriennes-fosf\/collectes\/du-lait-pour-les-enfants-syriens-op1\" target=\"_blank\"><img loading=\"lazy\" decoding=\"async\" class=\"alignleft size-full wp-image-237\" src=\"http:\/\/www.touspourlasyrie.fr\/wp-content\/uploads\/2014\/06\/201406-FOFS_lait.jpg\" alt=\"campagne lait maternis\u00e9 FOFS 2014\" width=\"573\" height=\"321\" srcset=\"http:\/\/www.touspourlasyrie.fr\/wp-content\/uploads\/2014\/06\/201406-FOFS_lait.jpg 573w, http:\/\/www.touspourlasyrie.fr\/wp-content\/uploads\/2014\/06\/201406-FOFS_lait-300x168.jpg 300w\" sizes=\"auto, (max-width: 573px) 100vw, 573px\" \/><\/a><\/p>\n<p><a title=\"Du lait pour les enfants syriens (FOSF 2014)\" href=\"http:\/\/www.touspourlasyrie.fr\/actions\/annee-2014\/du-lait-pour-les-enfants-syriens-fofs-2014\/\">Plus d&rsquo;informations ici<\/a>.<\/p>\n","protected":false},"excerpt":{"rendered":"<p>Tous pour la Syrie s&rsquo;est associ\u00e9e\u00a0au projet de financement participatif de\u00a0F\u00e9d\u00e9ration des Organisations de Secours Franco-Syrienne\u00a0pour acheter, acheminer et distribuer du lait maternis\u00e9 premier \u00e2ge aux b\u00e9b\u00e9s syriens des camps &#8230;<\/p>\n","protected":false},"author":1,"featured_media":237,"comment_status":"closed","ping_status":"open","sticky":false,"template":"","format":"standard","meta":{"footnotes":""},"categories":[1],"tags":[17,38,54,23,36],"class_list":["post-240","post","type-post","status-publish","format-standard","has-post-thumbnail","hentry","category-uncategorized","tag-don","tag-enfants","tag-humanitaire","tag-lait-maternise","tag-syrie"],"_links":{"self":[{"href":"http:\/\/www.touspourlasyrie.fr\/index.php?rest_route=\/wp\/v2\/posts\/240","targetHints":{"allow":["GET"]}}],"collection":[{"href":"http:\/\/www.touspourlasyrie.fr\/index.php?rest_route=\/wp\/v2\/posts"}],"about":[{"href":"http:\/\/www.touspourlasyrie.fr\/index.php?rest_route=\/wp\/v2\/types\/post"}],"author":[{"embeddable":true,"href":"http:\/\/www.touspourlasyrie.fr\/index.php?rest_route=\/wp\/v2\/users\/1"}],"replies":[{"embeddable":true,"href":"http:\/\/www.touspourlasyrie.fr\/index.php?rest_route=%2Fwp%2Fv2%2Fcomments&post=240"}],"version-history":[{"count":4,"href":"http:\/\/www.touspourlasyrie.fr\/index.php?rest_route=\/wp\/v2\/posts\/240\/revisions"}],"predecessor-version":[{"id":247,"href":"http:\/\/www.touspourlasyrie.fr\/index.php?rest_route=\/wp\/v2\/posts\/240\/revisions\/247"}],"wp:featuredmedia":[{"embeddable":true,"href":"http:\/\/www.touspourlasyrie.fr\/index.php?rest_route=\/wp\/v2\/media\/237"}],"wp:attachment":[{"href":"http:\/\/www.touspourlasyrie.fr\/index.php?rest_route=%2Fwp%2Fv2%2Fmedia&parent=240"}],"wp:term":[{"taxonomy":"category","embeddable":true,"href":"http:\/\/www.touspourlasyrie.fr\/index.php?rest_route=%2Fwp%2Fv2%2Fcategories&post=240"},{"taxonomy":"post_tag","embeddable":true,"href":"http:\/\/www.touspourlasyrie.fr\/index.php?rest_route=%2Fwp%2Fv2%2Ftags&post=240"}],"curies":[{"name":"wp","href":"https:\/\/api.w.org\/{rel}","templated":true}]}}