{"id":2736,"date":"2023-02-08T14:28:38","date_gmt":"2023-02-08T13:28:38","guid":{"rendered":"http:\/\/www.touspourlasyrie.fr\/?p=2736"},"modified":"2023-02-18T12:34:50","modified_gmt":"2023-02-18T11:34:50","slug":"seisme-et-actions-de-solidarite","status":"publish","type":"post","link":"http:\/\/www.touspourlasyrie.fr\/?p=2736","title":{"rendered":"S\u00e9isme et actions de solidarit\u00e9"},"content":{"rendered":"\n<figure class=\"wp-block-image size-large is-resized\"><a href=\"http:\/\/www.touspourlasyrie.fr\/wp-content\/uploads\/2023\/02\/20230207_seisme.jpg\"><img loading=\"lazy\" decoding=\"async\" src=\"http:\/\/www.touspourlasyrie.fr\/wp-content\/uploads\/2023\/02\/20230207_seisme-1024x576.jpg\" alt=\"\" class=\"wp-image-2737\" width=\"645\" height=\"362\" srcset=\"http:\/\/www.touspourlasyrie.fr\/wp-content\/uploads\/2023\/02\/20230207_seisme-1024x576.jpg 1024w, http:\/\/www.touspourlasyrie.fr\/wp-content\/uploads\/2023\/02\/20230207_seisme-300x169.jpg 300w, http:\/\/www.touspourlasyrie.fr\/wp-content\/uploads\/2023\/02\/20230207_seisme-768x432.jpg 768w, http:\/\/www.touspourlasyrie.fr\/wp-content\/uploads\/2023\/02\/20230207_seisme-1536x864.jpg 1536w, http:\/\/www.touspourlasyrie.fr\/wp-content\/uploads\/2023\/02\/20230207_seisme.jpg 1920w\" sizes=\"auto, (max-width: 645px) 100vw, 645px\" \/><\/a><\/figure>\n\n\n\n<p>Vous \u00eates nombreuses et nombreux \u00e0 nous demander comment soutenir les op\u00e9rations de secours des sinistr\u00e9s par le s\u00e9isme qui a frapp\u00e9 la Turquie et la Syrie le 6 f\u00e9vrier 2023.<\/p>\n\n\n\n<p><strong>La priorit\u00e9 est d&rsquo;aider financi\u00e8rement les associations pr\u00e9sentes sur place (voir ci-dessous).<\/strong><\/p>\n\n\n\n<p>Notre association collecte le mat\u00e9riel m\u00e9dical, scolaire, alimentaire et v\u00eatements qu&rsquo;on envoie au Liban pour les r\u00e9fugi\u00e9s Syriens. Aucune association ne peut envoyer des v\u00eatements en Turquie ou via la Turquie. Car la Turquie refuse l&rsquo;entr\u00e9e sur son territoire des v\u00eatements d&rsquo;occasion depuis 2020.<mark style=\"background-color:rgba(0, 0, 0, 0)\" class=\"has-inline-color has-luminous-vivid-orange-color\"> Notre local de collecte (situ\u00e9 sous le parking du 4 av de Pologne. Rennes) est ouvert <\/mark>les samedis de 10h \u00e0 12h. Vous pouvez nous apportez les dons mat\u00e9riels ou venir aider au tri emballage.<\/p>\n\n\n\n<p>Notre association, compos\u00e9e de b\u00e9n\u00e9voles \u00e0 Rennes, n&rsquo;a pas de salari\u00e9s sur place pour conduire une action d&rsquo;urgence.<\/p>\n\n\n\n<p>Par contre, il existe des associations partenaires avec qui nous avons travaill\u00e9 et qui ont des \u00e9quipes sur place, qui re\u00e7oivent les dons en num\u00e9raire pour mener leurs actions d&rsquo;<strong>URGENCE <\/strong>au nord de la Syrie :<\/p>\n\n\n\n<ul class=\"wp-block-list\"><li><strong>Mehad <\/strong>action m\u00e9dicale : https:\/\/don.mehad.fr\/soutenir\/<\/li><li><strong>MSF <\/strong>urgence m\u00e9dicale : https:\/\/soutenir.msf.fr\/faire-un-don\/<\/li><li><strong>Avaaz <\/strong>pour soutenir les casques blancs : https:\/\/secure.avaaz.org\/campaign\/fr\/earthquake_loc_fr_ex_rp\/<\/li><li><strong>Solidarit\u00e9 internationale<\/strong> : https:\/\/www.solidarites.org\/fr<\/li><\/ul>\n","protected":false},"excerpt":{"rendered":"<p>Vous \u00eates nombreuses et nombreux \u00e0 nous demander comment soutenir les op\u00e9rations de secours des sinistr\u00e9s par le s\u00e9isme qui a frapp\u00e9 la Turquie et la Syrie le 6 f\u00e9vrier &#8230;<\/p>\n","protected":false},"author":6,"featured_media":2737,"comment_status":"closed","ping_status":"open","sticky":false,"template":"","format":"standard","meta":{"footnotes":""},"categories":[86,138],"tags":[141,140],"class_list":["post-2736","post","type-post","status-publish","format-standard","has-post-thumbnail","hentry","category-humanitaire","category-syrie-jordanie-liban","tag-seisme","tag-urgence"],"_links":{"self":[{"href":"http:\/\/www.touspourlasyrie.fr\/index.php?rest_route=\/wp\/v2\/posts\/2736","targetHints":{"allow":["GET"]}}],"collection":[{"href":"http:\/\/www.touspourlasyrie.fr\/index.php?rest_route=\/wp\/v2\/posts"}],"about":[{"href":"http:\/\/www.touspourlasyrie.fr\/index.php?rest_route=\/wp\/v2\/types\/post"}],"author":[{"embeddable":true,"href":"http:\/\/www.touspourlasyrie.fr\/index.php?rest_route=\/wp\/v2\/users\/6"}],"replies":[{"embeddable":true,"href":"http:\/\/www.touspourlasyrie.fr\/index.php?rest_route=%2Fwp%2Fv2%2Fcomments&post=2736"}],"version-history":[{"count":10,"href":"http:\/\/www.touspourlasyrie.fr\/index.php?rest_route=\/wp\/v2\/posts\/2736\/revisions"}],"predecessor-version":[{"id":2759,"href":"http:\/\/www.touspourlasyrie.fr\/index.php?rest_route=\/wp\/v2\/posts\/2736\/revisions\/2759"}],"wp:featuredmedia":[{"embeddable":true,"href":"http:\/\/www.touspourlasyrie.fr\/index.php?rest_route=\/wp\/v2\/media\/2737"}],"wp:attachment":[{"href":"http:\/\/www.touspourlasyrie.fr\/index.php?rest_route=%2Fwp%2Fv2%2Fmedia&parent=2736"}],"wp:term":[{"taxonomy":"category","embeddable":true,"href":"http:\/\/www.touspourlasyrie.fr\/index.php?rest_route=%2Fwp%2Fv2%2Fcategories&post=2736"},{"taxonomy":"post_tag","embeddable":true,"href":"http:\/\/www.touspourlasyrie.fr\/index.php?rest_route=%2Fwp%2Fv2%2Ftags&post=2736"}],"curies":[{"name":"wp","href":"https:\/\/api.w.org\/{rel}","templated":true}]}}