{"id":556,"date":"2015-06-11T17:45:17","date_gmt":"2015-06-11T16:45:17","guid":{"rendered":"http:\/\/www.touspourlasyrie.fr\/?p=556"},"modified":"2015-06-12T10:37:38","modified_gmt":"2015-06-12T09:37:38","slug":"soutien-a-la-famille-de-qamar-et-ghada","status":"publish","type":"post","link":"http:\/\/www.touspourlasyrie.fr\/?p=556","title":{"rendered":"Soutien \u00e0 la famille de Qamar et Ghada"},"content":{"rendered":"<figure id=\"attachment_557\" aria-describedby=\"caption-attachment-557\" style=\"width: 189px\" class=\"wp-caption alignleft\"><img loading=\"lazy\" decoding=\"async\" class=\"wp-image-557 size-medium\" src=\"http:\/\/www.touspourlasyrie.fr\/wp-content\/uploads\/2015\/06\/20150604_enfants_syriens-web-189x300.jpg\" alt=\"20150604_enfants_syriens-web\" width=\"189\" height=\"300\" srcset=\"http:\/\/www.touspourlasyrie.fr\/wp-content\/uploads\/2015\/06\/20150604_enfants_syriens-web-189x300.jpg 189w, http:\/\/www.touspourlasyrie.fr\/wp-content\/uploads\/2015\/06\/20150604_enfants_syriens-web.jpg 252w\" sizes=\"auto, (max-width: 189px) 100vw, 189px\" \/><figcaption id=\"caption-attachment-557\" class=\"wp-caption-text\">Qamar, Ghada et leur fr\u00e8re (photo TPLS)<\/figcaption><\/figure>\n<p>L&rsquo;association Tous pour la Syrie a \u00e9t\u00e9 tr\u00e8s affect\u00e9e par <a href=\"http:\/\/www.ouest-france.fr\/rennes-deux-enfants-victimes-dune-noyade-aux-etangs-dapigne-3461892\" target=\"_blank\">la noyade r\u00e9cente de deux jeunes filles<\/a>, r\u00e9fugi\u00e9es \u00e0 Rennes avec leur fr\u00e8re et leur grand-p\u00e8re, et tient \u00e0 exprimer <strong>sa compassion et son soutien \u00e0 leur famille<\/strong>.<\/p>\n<p><strong>Note<\/strong> : l&rsquo;association Emisa Homs organise une veill\u00e9e ce soir (jeudi 11 juin 2015) de 19h \u00e0 21h, place de la Mairie.<\/p>\n<p>Le grand-p\u00e8re et ses petites enfants avaient fuit la Syrie apr\u00e8s que le p\u00e8re ait \u00e9t\u00e9 descendu par un snipper des milices du r\u00e9gime de Assad et que la m\u00e8re ait \u00e9t\u00e9 tu\u00e9e par un obus de l&rsquo;arm\u00e9e du r\u00e9gime.<\/p>\n<p><em>Nous nous d\u00e9solons qu&rsquo;apr\u00e8s avoir fui la mort que Assad a inflig\u00e9 \u00e0 vos parents, vous l&rsquo;ayez retrouv\u00e9e \u00e0 Rennes. Nous esp\u00e9rons que vous avez retrouv\u00e9 la paix aux c\u00f4t\u00e9s de vos parents.<\/em><\/p>\n<p><em>Que la souffrance du peuple syrien trouve enfin une fin.<\/em><\/p>\n","protected":false},"excerpt":{"rendered":"<p>L&rsquo;association Tous pour la Syrie a \u00e9t\u00e9 tr\u00e8s affect\u00e9e par la noyade r\u00e9cente de deux jeunes filles, r\u00e9fugi\u00e9es \u00e0 Rennes avec leur fr\u00e8re et leur grand-p\u00e8re, et tient \u00e0 exprimer &#8230;<\/p>\n","protected":false},"author":1,"featured_media":557,"comment_status":"closed","ping_status":"open","sticky":false,"template":"","format":"standard","meta":{"footnotes":""},"categories":[1],"tags":[38,21,37],"class_list":["post-556","post","type-post","status-publish","format-standard","has-post-thumbnail","hentry","category-uncategorized","tag-enfants","tag-information","tag-rennes"],"_links":{"self":[{"href":"http:\/\/www.touspourlasyrie.fr\/index.php?rest_route=\/wp\/v2\/posts\/556","targetHints":{"allow":["GET"]}}],"collection":[{"href":"http:\/\/www.touspourlasyrie.fr\/index.php?rest_route=\/wp\/v2\/posts"}],"about":[{"href":"http:\/\/www.touspourlasyrie.fr\/index.php?rest_route=\/wp\/v2\/types\/post"}],"author":[{"embeddable":true,"href":"http:\/\/www.touspourlasyrie.fr\/index.php?rest_route=\/wp\/v2\/users\/1"}],"replies":[{"embeddable":true,"href":"http:\/\/www.touspourlasyrie.fr\/index.php?rest_route=%2Fwp%2Fv2%2Fcomments&post=556"}],"version-history":[{"count":5,"href":"http:\/\/www.touspourlasyrie.fr\/index.php?rest_route=\/wp\/v2\/posts\/556\/revisions"}],"predecessor-version":[{"id":562,"href":"http:\/\/www.touspourlasyrie.fr\/index.php?rest_route=\/wp\/v2\/posts\/556\/revisions\/562"}],"wp:featuredmedia":[{"embeddable":true,"href":"http:\/\/www.touspourlasyrie.fr\/index.php?rest_route=\/wp\/v2\/media\/557"}],"wp:attachment":[{"href":"http:\/\/www.touspourlasyrie.fr\/index.php?rest_route=%2Fwp%2Fv2%2Fmedia&parent=556"}],"wp:term":[{"taxonomy":"category","embeddable":true,"href":"http:\/\/www.touspourlasyrie.fr\/index.php?rest_route=%2Fwp%2Fv2%2Fcategories&post=556"},{"taxonomy":"post_tag","embeddable":true,"href":"http:\/\/www.touspourlasyrie.fr\/index.php?rest_route=%2Fwp%2Fv2%2Ftags&post=556"}],"curies":[{"name":"wp","href":"https:\/\/api.w.org\/{rel}","templated":true}]}}