{"id":565,"date":"2015-08-27T12:19:25","date_gmt":"2015-08-27T11:19:25","guid":{"rendered":"http:\/\/www.touspourlasyrie.fr\/?p=565"},"modified":"2015-08-27T12:37:21","modified_gmt":"2015-08-27T11:37:21","slug":"disparition-de-wladimir-glasman-grand-connaisseur-de-la-syrie-et-blogueur-engage","status":"publish","type":"post","link":"http:\/\/www.touspourlasyrie.fr\/?p=565","title":{"rendered":"Disparition de Wladimir Glasman, grand connaisseur de la Syrie et blogueur engag\u00e9"},"content":{"rendered":"<p><img loading=\"lazy\" decoding=\"async\" class=\"alignleft size-full wp-image-566\" src=\"http:\/\/www.touspourlasyrie.fr\/wp-content\/uploads\/2015\/08\/wladimir-glasman.jpg\" alt=\"Wladimir Glasman\" width=\"170\" height=\"160\" \/>C&rsquo;est avec tristesse que nous avons appris le d\u00e9c\u00e8s de <strong>Wladimir Glasman<\/strong> le 21 ao\u00fbt dernier, ancien diplomate dans plusieurs pays arabophones et blogueur engag\u00e9 depuis les premi\u00e8res heures de la r\u00e9volution syrienne.<\/p>\n<p>Dans son engagement contre \u00ab\u00a0l\u2019\u00c9tat de barbarie\u00a0\u00bb mis en place par Hafez Al-Assad, Wladimir Glasman a notamment ouvert le blog <a href=\"http:\/\/syrie.blog.lemonde.fr\/\" target=\"_blank\">\u00ab\u00a0Un \u0153il sur la Syrie\u00a0\u00bb<\/a>, h\u00e9berg\u00e9 sur le site du <em>Monde<\/em> o\u00f9 il d\u00e9crit les d\u00e9rives brutales, libertaires et dynastiques du r\u00e9gime de Bachar Al-Assad. Il a \u00e9galement \u00e9crit le livre \u00ab Pas de printemps pour la Syrie \u00bb qui donne les clefs pour comprendre les acteurs et les d\u00e9fis de la crise syrienne entre 2011 et 2013. Il \u00e9tait \u00e9galement venu \u00e0 Rennes le 6 f\u00e9vrier 2014 au Cridev donner une conf\u00e9rence sur ce livre.<\/p>\n<p><img loading=\"lazy\" decoding=\"async\" class=\"alignright size-medium wp-image-567\" src=\"http:\/\/www.touspourlasyrie.fr\/wp-content\/uploads\/2015\/08\/Pas_de_printemps_pour_la_Syrie-194x300.jpg\" alt=\"Pas de printemps pour la Syrie\" width=\"194\" height=\"300\" srcset=\"http:\/\/www.touspourlasyrie.fr\/wp-content\/uploads\/2015\/08\/Pas_de_printemps_pour_la_Syrie-194x300.jpg 194w, http:\/\/www.touspourlasyrie.fr\/wp-content\/uploads\/2015\/08\/Pas_de_printemps_pour_la_Syrie.jpg 322w\" sizes=\"auto, (max-width: 194px) 100vw, 194px\" \/>Pour en savoir plus, nous vous invitons :<\/p>\n<ul>\n<li>\u00e0 lire l&rsquo;article du <em>Monde<\/em> d\u00e9taillant davantage <a href=\"http:\/\/www.lemonde.fr\/disparitions\/article\/2015\/08\/25\/disparition-de-wladimir-glasman-compagnon-de-route-de-la-revolution-syrienne_4736093_3382.html\" target=\"_blank\">le parcours et l&rsquo;engagement de Wladimir Glasman<\/a><\/li>\n<li>\u00e0 lire le livre \u00ab Pas de printemps pour la Syrie \u00bb pour mieux comprendre la r\u00e9volution syrienne et \u00e0 \u00e9couter <a href=\"http:\/\/www.cridev.org\/Pas-de-printemps-pour-la-Syrie\" target=\"_blank\">l&rsquo;enregistrement de la conf\u00e9rence<\/a> qu&rsquo;il a donn\u00e9e au Cridev \u00e0 Rennes le 6 f\u00e9vrier 2014<\/li>\n<\/ul>\n<p>Tous pour la Syrie souhaite rendre hommage \u00e0 ce diplomate courageux qui continue de nous inspirer.<\/p>\n","protected":false},"excerpt":{"rendered":"<p>C&rsquo;est avec tristesse que nous avons appris le d\u00e9c\u00e8s de Wladimir Glasman le 21 ao\u00fbt dernier, ancien diplomate dans plusieurs pays arabophones et blogueur engag\u00e9 depuis les premi\u00e8res heures de &#8230;<\/p>\n","protected":false},"author":1,"featured_media":566,"comment_status":"closed","ping_status":"open","sticky":false,"template":"","format":"standard","meta":{"footnotes":""},"categories":[1],"tags":[56,21,59],"class_list":["post-565","post","type-post","status-publish","format-standard","has-post-thumbnail","hentry","category-uncategorized","tag-conference","tag-information","tag-livre"],"_links":{"self":[{"href":"http:\/\/www.touspourlasyrie.fr\/index.php?rest_route=\/wp\/v2\/posts\/565","targetHints":{"allow":["GET"]}}],"collection":[{"href":"http:\/\/www.touspourlasyrie.fr\/index.php?rest_route=\/wp\/v2\/posts"}],"about":[{"href":"http:\/\/www.touspourlasyrie.fr\/index.php?rest_route=\/wp\/v2\/types\/post"}],"author":[{"embeddable":true,"href":"http:\/\/www.touspourlasyrie.fr\/index.php?rest_route=\/wp\/v2\/users\/1"}],"replies":[{"embeddable":true,"href":"http:\/\/www.touspourlasyrie.fr\/index.php?rest_route=%2Fwp%2Fv2%2Fcomments&post=565"}],"version-history":[{"count":4,"href":"http:\/\/www.touspourlasyrie.fr\/index.php?rest_route=\/wp\/v2\/posts\/565\/revisions"}],"predecessor-version":[{"id":571,"href":"http:\/\/www.touspourlasyrie.fr\/index.php?rest_route=\/wp\/v2\/posts\/565\/revisions\/571"}],"wp:featuredmedia":[{"embeddable":true,"href":"http:\/\/www.touspourlasyrie.fr\/index.php?rest_route=\/wp\/v2\/media\/566"}],"wp:attachment":[{"href":"http:\/\/www.touspourlasyrie.fr\/index.php?rest_route=%2Fwp%2Fv2%2Fmedia&parent=565"}],"wp:term":[{"taxonomy":"category","embeddable":true,"href":"http:\/\/www.touspourlasyrie.fr\/index.php?rest_route=%2Fwp%2Fv2%2Fcategories&post=565"},{"taxonomy":"post_tag","embeddable":true,"href":"http:\/\/www.touspourlasyrie.fr\/index.php?rest_route=%2Fwp%2Fv2%2Ftags&post=565"}],"curies":[{"name":"wp","href":"https:\/\/api.w.org\/{rel}","templated":true}]}}