{"id":63,"date":"2013-11-10T01:13:22","date_gmt":"2013-11-10T00:13:22","guid":{"rendered":"http:\/\/www.touspourlasyrie.fr\/?p=63"},"modified":"2013-11-13T13:24:51","modified_gmt":"2013-11-13T12:24:51","slug":"convoi-de-medicaments-et-de-vetements","status":"publish","type":"post","link":"http:\/\/www.touspourlasyrie.fr\/?p=63","title":{"rendered":"Convoi de m\u00e9dicaments et de v\u00eatements"},"content":{"rendered":"<p><a href=\"http:\/\/www.touspourlasyrie.fr\/wp-content\/uploads\/2013\/11\/convoi_20131110_ambulance.jpg\"><img loading=\"lazy\" decoding=\"async\" class=\"alignright size-medium wp-image-64\" alt=\"convoi  ambulance 10 novembre 2013\" src=\"http:\/\/www.touspourlasyrie.fr\/wp-content\/uploads\/2013\/11\/convoi_20131110_ambulance-300x200.jpg\" width=\"300\" height=\"200\" srcset=\"http:\/\/www.touspourlasyrie.fr\/wp-content\/uploads\/2013\/11\/convoi_20131110_ambulance-300x200.jpg 300w, http:\/\/www.touspourlasyrie.fr\/wp-content\/uploads\/2013\/11\/convoi_20131110_ambulance.jpg 960w\" sizes=\"auto, (max-width: 300px) 100vw, 300px\" \/><\/a>Un convoi de m\u00e9dicaments et de v\u00eatements collect\u00e9s par nos membres part ce dimanche de Rennes pour la Syrie via une ambulance et un container. L&rsquo;article dans Ouest-France : <a title=\"Un convoi part pour la Syrie, dimanche\" href=\"http:\/\/www.ouest-france.fr\/un-convoi-part-pour-la-syrie-dimanche-1683776\" target=\"_blank\">http:\/\/www.ouest-france.fr\/un-convoi-part-pour-la-syrie-dimanche-1683776<\/a><\/p>\n","protected":false},"excerpt":{"rendered":"<p>Un convoi de m\u00e9dicaments et de v\u00eatements collect\u00e9s par nos membres part ce dimanche de Rennes pour la Syrie via une ambulance et un container. L&rsquo;article dans Ouest-France : http:\/\/www.ouest-france.fr\/un-convoi-part-pour-la-syrie-dimanche-1683776<\/p>\n","protected":false},"author":1,"featured_media":64,"comment_status":"closed","ping_status":"open","sticky":false,"template":"","format":"standard","meta":{"footnotes":""},"categories":[1],"tags":[53,54,10,9],"class_list":["post-63","post","type-post","status-publish","format-standard","has-post-thumbnail","hentry","category-uncategorized","tag-actions","tag-humanitaire","tag-medicaments","tag-vetements"],"_links":{"self":[{"href":"http:\/\/www.touspourlasyrie.fr\/index.php?rest_route=\/wp\/v2\/posts\/63","targetHints":{"allow":["GET"]}}],"collection":[{"href":"http:\/\/www.touspourlasyrie.fr\/index.php?rest_route=\/wp\/v2\/posts"}],"about":[{"href":"http:\/\/www.touspourlasyrie.fr\/index.php?rest_route=\/wp\/v2\/types\/post"}],"author":[{"embeddable":true,"href":"http:\/\/www.touspourlasyrie.fr\/index.php?rest_route=\/wp\/v2\/users\/1"}],"replies":[{"embeddable":true,"href":"http:\/\/www.touspourlasyrie.fr\/index.php?rest_route=%2Fwp%2Fv2%2Fcomments&post=63"}],"version-history":[{"count":4,"href":"http:\/\/www.touspourlasyrie.fr\/index.php?rest_route=\/wp\/v2\/posts\/63\/revisions"}],"predecessor-version":[{"id":68,"href":"http:\/\/www.touspourlasyrie.fr\/index.php?rest_route=\/wp\/v2\/posts\/63\/revisions\/68"}],"wp:featuredmedia":[{"embeddable":true,"href":"http:\/\/www.touspourlasyrie.fr\/index.php?rest_route=\/wp\/v2\/media\/64"}],"wp:attachment":[{"href":"http:\/\/www.touspourlasyrie.fr\/index.php?rest_route=%2Fwp%2Fv2%2Fmedia&parent=63"}],"wp:term":[{"taxonomy":"category","embeddable":true,"href":"http:\/\/www.touspourlasyrie.fr\/index.php?rest_route=%2Fwp%2Fv2%2Fcategories&post=63"},{"taxonomy":"post_tag","embeddable":true,"href":"http:\/\/www.touspourlasyrie.fr\/index.php?rest_route=%2Fwp%2Fv2%2Ftags&post=63"}],"curies":[{"name":"wp","href":"https:\/\/api.w.org\/{rel}","templated":true}]}}